{"id":3150,"date":"2025-11-29T12:05:38","date_gmt":"2025-11-29T11:05:38","guid":{"rendered":"https:\/\/literabruchsal.com\/?p=3150"},"modified":"2025-11-29T12:07:08","modified_gmt":"2025-11-29T11:07:08","slug":"%f0%9f%8e%84-atelier-de-craciun","status":"publish","type":"post","link":"https:\/\/literabruchsal.com\/de\/2025\/11\/29\/%f0%9f%8e%84-atelier-de-craciun\/","title":{"rendered":"\ud83c\udf84 Atelier de Cr\u0103ciun"},"content":{"rendered":"<p data-start=\"122\" data-end=\"149\">\ud83c\udf84 <strong data-start=\"125\" data-end=\"147\">Atelier de Cr\u0103ciun<\/strong><\/p>\n<p data-start=\"151\" data-end=\"440\"><strong data-start=\"151\" data-end=\"246\">Proiect realizat \u00een colaborare cu Landratsamt Karlsruhe, Caritas Bruchsal \u0219i Stadt Bruchsal<\/strong>, colaborare \u00eenceput\u0103 \u00een 2023.<br data-start=\"276\" data-end=\"279\" \/>Eveniment dedicat copiilor \u0219i familiilor, cu <strong data-start=\"324\" data-end=\"376\">ateliere creative, colinde \u0219i tradi\u021bii rom\u00e2ne\u0219ti<\/strong>, care aduce bucurie \u0219i voie bun\u0103 tuturor participan\u021bilor. \u2728\ud83c\udf81<\/p>","protected":false},"excerpt":{"rendered":"<p>\ud83c\udf84 Atelier de Cr\u0103ciun Proiect realizat \u00een colaborare cu Landratsamt Karlsruhe, Caritas Bruchsal \u0219i Stadt Bruchsal, colaborare \u00eenceput\u0103 \u00een 2023.Eveniment dedicat copiilor \u0219i familiilor, cu ateliere creative, colinde \u0219i tradi\u021bii rom\u00e2ne\u0219ti, care aduce bucurie \u0219i voie bun\u0103 tuturor participan\u021bilor. \u2728\ud83c\udf81<\/p>","protected":false},"author":1,"featured_media":0,"comment_status":"open","ping_status":"open","sticky":false,"template":"","format":"standard","meta":{"footnotes":""},"categories":[54],"tags":[],"class_list":["post-3150","post","type-post","status-publish","format-standard","hentry","category-proiecte"],"_links":{"self":[{"href":"https:\/\/literabruchsal.com\/de\/wp-json\/wp\/v2\/posts\/3150","targetHints":{"allow":["GET"]}}],"collection":[{"href":"https:\/\/literabruchsal.com\/de\/wp-json\/wp\/v2\/posts"}],"about":[{"href":"https:\/\/literabruchsal.com\/de\/wp-json\/wp\/v2\/types\/post"}],"author":[{"embeddable":true,"href":"https:\/\/literabruchsal.com\/de\/wp-json\/wp\/v2\/users\/1"}],"replies":[{"embeddable":true,"href":"https:\/\/literabruchsal.com\/de\/wp-json\/wp\/v2\/comments?post=3150"}],"version-history":[{"count":1,"href":"https:\/\/literabruchsal.com\/de\/wp-json\/wp\/v2\/posts\/3150\/revisions"}],"predecessor-version":[{"id":3151,"href":"https:\/\/literabruchsal.com\/de\/wp-json\/wp\/v2\/posts\/3150\/revisions\/3151"}],"wp:attachment":[{"href":"https:\/\/literabruchsal.com\/de\/wp-json\/wp\/v2\/media?parent=3150"}],"wp:term":[{"taxonomy":"category","embeddable":true,"href":"https:\/\/literabruchsal.com\/de\/wp-json\/wp\/v2\/categories?post=3150"},{"taxonomy":"post_tag","embeddable":true,"href":"https:\/\/literabruchsal.com\/de\/wp-json\/wp\/v2\/tags?post=3150"}],"curies":[{"name":"wp","href":"https:\/\/api.w.org\/{rel}","templated":true}]}}